{"id":4553,"date":"2026-02-25T16:56:19","date_gmt":"2026-02-25T16:56:19","guid":{"rendered":"https:\/\/pos-graduacao.uepb.edu.br\/ppgri\/?p=4553"},"modified":"2026-02-25T16:56:19","modified_gmt":"2026-02-25T16:56:19","slug":"palestra-de-abertura-do-semestre-2026-1-a-cultura-e-a-diplomacia-como-instrumentos-de-insercao-internacional-brasileira","status":"publish","type":"post","link":"https:\/\/pos-graduacao.uepb.edu.br\/ppgri\/palestra-de-abertura-do-semestre-2026-1-a-cultura-e-a-diplomacia-como-instrumentos-de-insercao-internacional-brasileira\/","title":{"rendered":"Palestra de Abertura do Semestre 2026.1: A cultura e a diplomacia como instrumentos de inser\u00e7\u00e3o internacional brasileira."},"content":{"rendered":"<p>O Programa de P\u00f3s-Gradua\u00e7\u00e3o em Rela\u00e7\u00f5es Internacionais da Para\u00edba convida a comunidade acad\u00eamica para a palestra<strong> &#8220;A cultura e a diplomacia como instrumentos de inser\u00e7\u00e3o internacional brasileira&#8221;<\/strong>, ministrada pelo Prof. Dr. Paulo Teixeira Lumatti e pelo Dr. Carlos Alberto Asfora.<\/p>\n<p>N\u00e3o \u00e9 de hoje que a cultura brasileira tem se destacado no cen\u00e1rio internacional. Nossa diversidade cultural transborda e vai muito al\u00e9m de nossas fronteiras territoriais. A arte, a pintura, a m\u00fasica, o canto, o cinema, a literatura, a dan\u00e7a\u2026 s\u00e3o v\u00e1rias as manifesta\u00e7\u00f5es culturais que projetam o Brasil de forma singular no mundo. Tais manifesta\u00e7\u00f5es atuam, na maioria das vezes, de forma isolada. Cumpre indagar, portanto, em que medida o Brasil tem buscado institucionalizar e levar a efeito uma pol\u00edtica cultural voltada para a atua\u00e7\u00e3o de uma Diplomacia Cultural mais efetiva? Vamos entender melhor esses assuntos?<\/p>\n<p>Data: 11\/03\/2026<\/p>\n<p>Hor\u00e1rio: 9h &#8211; 12h<\/p>\n<p>Local: Audit\u00f3rio Pioneiros &#8211; CCBSA\/Campus V, Jo\u00e3o Pessoa &#8211; PB.<\/p>\n<p><a href=\"https:\/\/pos-graduacao.uepb.edu.br\/ppgri\/files\/2026\/02\/WhatsApp-Image-2026-02-25-at-10.38.47.jpeg\"><img loading=\"lazy\" decoding=\"async\" class=\"alignnone size-medium wp-image-4556 img-responsive\" src=\"https:\/\/pos-graduacao.uepb.edu.br\/ppgri\/files\/2026\/02\/WhatsApp-Image-2026-02-25-at-10.38.47-240x300.jpeg\" alt=\"\" width=\"240\" height=\"300\" srcset=\"https:\/\/pos-graduacao.uepb.edu.br\/ppgri\/files\/2026\/02\/WhatsApp-Image-2026-02-25-at-10.38.47-240x300.jpeg 240w, https:\/\/pos-graduacao.uepb.edu.br\/ppgri\/files\/2026\/02\/WhatsApp-Image-2026-02-25-at-10.38.47-636x796.jpeg 636w, https:\/\/pos-graduacao.uepb.edu.br\/ppgri\/files\/2026\/02\/WhatsApp-Image-2026-02-25-at-10.38.47.jpeg 936w\" sizes=\"auto, (max-width: 240px) 100vw, 240px\" \/><\/a><\/p>\n","protected":false},"excerpt":{"rendered":"<p>O Programa de P\u00f3s-Gradua\u00e7\u00e3o em Rela\u00e7\u00f5es Internacionais da Para\u00edba convida a comunidade acad\u00eamica para a palestra &#8220;A cultura e a diplomacia como instrumentos de inser\u00e7\u00e3o internacional brasileira&#8221;, ministrada pelo Prof. Dr. Paulo Teixeira Lumatti e pelo Dr. Carlos Alberto Asfora. N\u00e3o \u00e9 de hoje que a cultura brasileira tem se destacado no cen\u00e1rio internacional. Nossa <a class=\"leiamais\" href=\"https:\/\/pos-graduacao.uepb.edu.br\/ppgri\/palestra-de-abertura-do-semestre-2026-1-a-cultura-e-a-diplomacia-como-instrumentos-de-insercao-internacional-brasileira\/\">Leia Mais&#8230;<\/a><\/p>\n","protected":false},"author":33,"featured_media":0,"comment_status":"open","ping_status":"open","sticky":false,"template":"","format":"standard","meta":{"footnotes":""},"categories":[3],"tags":[],"class_list":["post-4553","post","type-post","status-publish","format-standard","hentry","category-noticias"],"_links":{"self":[{"href":"https:\/\/pos-graduacao.uepb.edu.br\/ppgri\/wp-json\/wp\/v2\/posts\/4553","targetHints":{"allow":["GET"]}}],"collection":[{"href":"https:\/\/pos-graduacao.uepb.edu.br\/ppgri\/wp-json\/wp\/v2\/posts"}],"about":[{"href":"https:\/\/pos-graduacao.uepb.edu.br\/ppgri\/wp-json\/wp\/v2\/types\/post"}],"author":[{"embeddable":true,"href":"https:\/\/pos-graduacao.uepb.edu.br\/ppgri\/wp-json\/wp\/v2\/users\/33"}],"replies":[{"embeddable":true,"href":"https:\/\/pos-graduacao.uepb.edu.br\/ppgri\/wp-json\/wp\/v2\/comments?post=4553"}],"version-history":[{"count":5,"href":"https:\/\/pos-graduacao.uepb.edu.br\/ppgri\/wp-json\/wp\/v2\/posts\/4553\/revisions"}],"predecessor-version":[{"id":4560,"href":"https:\/\/pos-graduacao.uepb.edu.br\/ppgri\/wp-json\/wp\/v2\/posts\/4553\/revisions\/4560"}],"wp:attachment":[{"href":"https:\/\/pos-graduacao.uepb.edu.br\/ppgri\/wp-json\/wp\/v2\/media?parent=4553"}],"wp:term":[{"taxonomy":"category","embeddable":true,"href":"https:\/\/pos-graduacao.uepb.edu.br\/ppgri\/wp-json\/wp\/v2\/categories?post=4553"},{"taxonomy":"post_tag","embeddable":true,"href":"https:\/\/pos-graduacao.uepb.edu.br\/ppgri\/wp-json\/wp\/v2\/tags?post=4553"}],"curies":[{"name":"wp","href":"https:\/\/api.w.org\/{rel}","templated":true}]}}