{"id":1031,"date":"2019-06-05T16:50:57","date_gmt":"2019-06-05T16:50:57","guid":{"rendered":"https:\/\/pos-graduacao.uepb.edu.br\/ppgri\/?p=1031"},"modified":"2019-06-05T19:31:10","modified_gmt":"2019-06-05T19:31:10","slug":"selecao-2019-2-convocacao-para-a-prova-de-traducao","status":"publish","type":"post","link":"https:\/\/pos-graduacao.uepb.edu.br\/ppgri\/selecao-2019-2-convocacao-para-a-prova-de-traducao\/","title":{"rendered":"Sele\u00e7\u00e3o 2019.2 &#8211; Convoca\u00e7\u00e3o para a Prova de Tradu\u00e7\u00e3o"},"content":{"rendered":"<div id=\"conteudo-principal\" class=\"col-lg-8 col-md-8 col-sm-12 col-xs-12 principal\">\n<article>\n<div class=\"conteudo\">\n<div class=\"texto entry-content content\">\n<p>A Comiss\u00e3o de Sele\u00e7\u00e3o para a Turma 2019.2 do Mestrado em Rela\u00e7\u00f5es Internacionais, de acordo com o EDITAL\/UEPB\/PRPGP\/PPGRI 01\/2019, torna p\u00fablica a convoca\u00e7\u00e3o para a prova de tradu\u00e7\u00e3o, conforme <a href=\"https:\/\/pos-graduacao.uepb.edu.br\/ppgri\/?wpfb_dl=212\">documento atualizado<\/a>.<\/p>\n<div><\/div>\n<\/div>\n<\/div>\n<\/article>\n<\/div>\n<div class=\"col-lg-4 col-md-4 col-sm-12 col-xs-12 margem-topo-20 sidebar-post-page\">\n<div class=\"widget\">\n<div class=\"titulo-widget\"><\/div>\n<\/div>\n<\/div>\n","protected":false},"excerpt":{"rendered":"<p>A Comiss\u00e3o de Sele\u00e7\u00e3o para a Turma 2019.2 do Mestrado em Rela\u00e7\u00f5es Internacionais, de acordo com o EDITAL\/UEPB\/PRPGP\/PPGRI 01\/2019, torna p\u00fablica a convoca\u00e7\u00e3o para a prova de tradu\u00e7\u00e3o, conforme documento atualizado.<\/p>\n","protected":false},"author":33,"featured_media":0,"comment_status":"open","ping_status":"open","sticky":false,"template":"","format":"standard","meta":{"footnotes":""},"categories":[3],"tags":[],"class_list":["post-1031","post","type-post","status-publish","format-standard","hentry","category-noticias"],"_links":{"self":[{"href":"https:\/\/pos-graduacao.uepb.edu.br\/ppgri\/wp-json\/wp\/v2\/posts\/1031","targetHints":{"allow":["GET"]}}],"collection":[{"href":"https:\/\/pos-graduacao.uepb.edu.br\/ppgri\/wp-json\/wp\/v2\/posts"}],"about":[{"href":"https:\/\/pos-graduacao.uepb.edu.br\/ppgri\/wp-json\/wp\/v2\/types\/post"}],"author":[{"embeddable":true,"href":"https:\/\/pos-graduacao.uepb.edu.br\/ppgri\/wp-json\/wp\/v2\/users\/33"}],"replies":[{"embeddable":true,"href":"https:\/\/pos-graduacao.uepb.edu.br\/ppgri\/wp-json\/wp\/v2\/comments?post=1031"}],"version-history":[{"count":2,"href":"https:\/\/pos-graduacao.uepb.edu.br\/ppgri\/wp-json\/wp\/v2\/posts\/1031\/revisions"}],"predecessor-version":[{"id":1033,"href":"https:\/\/pos-graduacao.uepb.edu.br\/ppgri\/wp-json\/wp\/v2\/posts\/1031\/revisions\/1033"}],"wp:attachment":[{"href":"https:\/\/pos-graduacao.uepb.edu.br\/ppgri\/wp-json\/wp\/v2\/media?parent=1031"}],"wp:term":[{"taxonomy":"category","embeddable":true,"href":"https:\/\/pos-graduacao.uepb.edu.br\/ppgri\/wp-json\/wp\/v2\/categories?post=1031"},{"taxonomy":"post_tag","embeddable":true,"href":"https:\/\/pos-graduacao.uepb.edu.br\/ppgri\/wp-json\/wp\/v2\/tags?post=1031"}],"curies":[{"name":"wp","href":"https:\/\/api.w.org\/{rel}","templated":true}]}}