{"id":5900,"date":"2026-03-20T16:57:57","date_gmt":"2026-03-20T19:57:57","guid":{"rendered":"https:\/\/pos-graduacao.uepb.edu.br\/ppgli\/?p=5900"},"modified":"2026-03-20T16:57:57","modified_gmt":"2026-03-20T19:57:57","slug":"divulgacao-dos-locais-de-prova-mestrado-ppgli-uepb-edital-02-2026","status":"publish","type":"post","link":"https:\/\/pos-graduacao.uepb.edu.br\/ppgli\/divulgacao-dos-locais-de-prova-mestrado-ppgli-uepb-edital-02-2026\/","title":{"rendered":"DIVULGA\u00c7\u00c3O DOS LOCAIS DE PROVA \u2013 MESTRADO PPGLI\/UEPB EDITAL 02\/2026"},"content":{"rendered":"<p class=\"isSelectedEnd\">O Programa de P\u00f3s-Gradua\u00e7\u00e3o em Literatura e Interculturalidade (PPGLI), da Universidade Estadual da Para\u00edba (UEPB), torna p\u00fablicos os locais de realiza\u00e7\u00e3o das provas destinadas aos(\u00e0s) candidatos(as) ao curso de Mestrado.<\/p>\n<p class=\"isSelectedEnd\">\ud83d\uddd3\u00a0<strong>Data:<\/strong>\u00a024 de mar\u00e7o de 2026<br \/>\n\u23f0\u00a0<strong>Hor\u00e1rio:<\/strong>\u00a0das 08h00 \u00e0s 12h00 (dura\u00e7\u00e3o de 4 horas)<\/p>\n<p class=\"isSelectedEnd\"><strong>Orienta\u00e7\u00f5es aos(\u00e0s) candidatos(as):<\/strong><\/p>\n<ul data-spread=\"false\">\n<li>\n<p class=\"isSelectedEnd\">Comparecer ao local de prova com anteced\u00eancia m\u00ednima de\u00a0<strong>30 (trinta) minutos<\/strong>\u00a0do hor\u00e1rio estabelecido;<\/p>\n<\/li>\n<li>\n<p class=\"isSelectedEnd\">Ser\u00e1 obrigat\u00f3ria a apresenta\u00e7\u00e3o de\u00a0<strong>documento oficial de identifica\u00e7\u00e3o com foto<\/strong>;<\/p>\n<\/li>\n<li>O(a) candidato(a) dever\u00e1 portar\u00a0<strong>caneta esferogr\u00e1fica de tinta azul ou preta<\/strong>.<\/li>\n<\/ul>\n<p class=\"isSelectedEnd\"><strong>Consulta aos locais de prova:<\/strong><\/p>\n<ul data-spread=\"false\">\n<li>\n<p class=\"isSelectedEnd\">Candidatos com a inicial da letra\u00a0<strong>A at\u00e9 L<\/strong> \u2013 <a href=\"https:\/\/pos-graduacao.uepb.edu.br\/ppgli\/download\/local-de-prova-mestrado-aud-3\/?wpdmdl=5899&amp;masterkey=O3LqlbPUu2JuzcZDg322rtDX_upZ2vByFswpHqWrtBu9UVYvWbcdx5oqLEhr02RfPPVV28Qd_mlIYdOVgniQdtw-HBhYd-hEm9fOjKSs7D0M\">Clique aqui<\/a><\/p>\n<\/li>\n<li>Candidatos com a inicial da letra <strong>M at\u00e9 Z &#8211; <\/strong><a href=\"https:\/\/pos-graduacao.uepb.edu.br\/ppgli\/download\/local-de-prova-mestrado-aud-1\/?wpdmdl=5895&amp;masterkey=OIP_5E5uO4uYtWFncjg5413wYnz2k0kx0p14H8siL285cTDi29rMceJP1GKxk9Fuuuln-sk59xSCgAYYlHXSwuigio6_iQrBMeSEH-BKSkDA\">Clique aqui<\/a><\/li>\n<\/ul>\n","protected":false},"excerpt":{"rendered":"<p>O Programa de P\u00f3s-Gradua\u00e7\u00e3o em Literatura e Interculturalidade (PPGLI), da Universidade Estadual da Para\u00edba (UEPB), torna p\u00fablicos os locais de realiza\u00e7\u00e3o das provas destinadas aos(\u00e0s) candidatos(as) ao curso de Mestrado. \ud83d\uddd3\u00a0Data:\u00a024 de mar\u00e7o de 2026 \u23f0\u00a0Hor\u00e1rio:\u00a0das 08h00 \u00e0s 12h00 (dura\u00e7\u00e3o de 4 horas) Orienta\u00e7\u00f5es aos(\u00e0s) candidatos(as): Comparecer ao local de prova com anteced\u00eancia m\u00ednima de\u00a030 <a class=\"leiamais\" href=\"https:\/\/pos-graduacao.uepb.edu.br\/ppgli\/divulgacao-dos-locais-de-prova-mestrado-ppgli-uepb-edital-02-2026\/\">Leia Mais&#8230;<\/a><\/p>\n","protected":false},"author":88,"featured_media":0,"comment_status":"closed","ping_status":"closed","sticky":false,"template":"","format":"standard","meta":{"_jetpack_memberships_contains_paid_content":false,"footnotes":""},"categories":[12,5],"tags":[],"class_list":["post-5900","post","type-post","status-publish","format-standard","hentry","category-acontece-no-ppgli","category-noticias"],"jetpack_featured_media_url":"","jetpack_sharing_enabled":true,"_links":{"self":[{"href":"https:\/\/pos-graduacao.uepb.edu.br\/ppgli\/wp-json\/wp\/v2\/posts\/5900","targetHints":{"allow":["GET"]}}],"collection":[{"href":"https:\/\/pos-graduacao.uepb.edu.br\/ppgli\/wp-json\/wp\/v2\/posts"}],"about":[{"href":"https:\/\/pos-graduacao.uepb.edu.br\/ppgli\/wp-json\/wp\/v2\/types\/post"}],"author":[{"embeddable":true,"href":"https:\/\/pos-graduacao.uepb.edu.br\/ppgli\/wp-json\/wp\/v2\/users\/88"}],"replies":[{"embeddable":true,"href":"https:\/\/pos-graduacao.uepb.edu.br\/ppgli\/wp-json\/wp\/v2\/comments?post=5900"}],"version-history":[{"count":1,"href":"https:\/\/pos-graduacao.uepb.edu.br\/ppgli\/wp-json\/wp\/v2\/posts\/5900\/revisions"}],"predecessor-version":[{"id":5901,"href":"https:\/\/pos-graduacao.uepb.edu.br\/ppgli\/wp-json\/wp\/v2\/posts\/5900\/revisions\/5901"}],"wp:attachment":[{"href":"https:\/\/pos-graduacao.uepb.edu.br\/ppgli\/wp-json\/wp\/v2\/media?parent=5900"}],"wp:term":[{"taxonomy":"category","embeddable":true,"href":"https:\/\/pos-graduacao.uepb.edu.br\/ppgli\/wp-json\/wp\/v2\/categories?post=5900"},{"taxonomy":"post_tag","embeddable":true,"href":"https:\/\/pos-graduacao.uepb.edu.br\/ppgli\/wp-json\/wp\/v2\/tags?post=5900"}],"curies":[{"name":"wp","href":"https:\/\/api.w.org\/{rel}","templated":true}]}}