{"id":3706,"date":"2026-04-17T12:53:43","date_gmt":"2026-04-17T12:53:43","guid":{"rendered":"https:\/\/pos-graduacao.uepb.edu.br\/ppgfp\/?p=3706"},"modified":"2026-04-17T12:54:36","modified_gmt":"2026-04-17T12:54:36","slug":"calendario-academico-semestre-2026-1","status":"publish","type":"post","link":"https:\/\/pos-graduacao.uepb.edu.br\/ppgfp\/calendario-academico-semestre-2026-1\/","title":{"rendered":"Calend\u00e1rio Acad\u00eamico &#8211; Semestre 2026.1."},"content":{"rendered":"<p>Prezados(as)<\/p>\n<p>Encaminhamos, para conhecimento e acompanhamento, o Calend\u00e1rio Acad\u00eamico do Programa de P\u00f3s-Gradua\u00e7\u00e3o em Forma\u00e7\u00e3o de Professores (PPGFP), referente ao semestre letivo 2026.1.<\/p>\n<p>&nbsp;<\/p>\n<p>Para acessar o calend\u00e1rio, clique: <a href=\"https:\/\/pos-graduacao.uepb.edu.br\/ppgfp\/download\/calendario-academico-semestre-2026-1\/?wpdmdl=3708&amp;masterkey=OSdmHJNSDiSS40NmE2Tdgv_eWbtI_uifaDc665pCHP_9GqYCap0DDj4eyLQKJPWaS-xFyzcvLe4Z74LGcbjWxqzggc-0p2M0zx0oKQCgXksg\">Aqui<\/a><\/p>\n","protected":false},"excerpt":{"rendered":"<p>Prezados(as) Encaminhamos, para conhecimento e acompanhamento, o Calend\u00e1rio Acad\u00eamico do Programa de P\u00f3s-Gradua\u00e7\u00e3o em Forma\u00e7\u00e3o de Professores (PPGFP), referente ao semestre letivo 2026.1. &nbsp; Para acessar o calend\u00e1rio, clique: Aqui<\/p>\n","protected":false},"author":67,"featured_media":0,"comment_status":"closed","ping_status":"closed","sticky":false,"template":"","format":"standard","meta":{"footnotes":""},"categories":[10],"tags":[],"class_list":["post-3706","post","type-post","status-publish","format-standard","hentry","category-noticias-destaque"],"_links":{"self":[{"href":"https:\/\/pos-graduacao.uepb.edu.br\/ppgfp\/wp-json\/wp\/v2\/posts\/3706","targetHints":{"allow":["GET"]}}],"collection":[{"href":"https:\/\/pos-graduacao.uepb.edu.br\/ppgfp\/wp-json\/wp\/v2\/posts"}],"about":[{"href":"https:\/\/pos-graduacao.uepb.edu.br\/ppgfp\/wp-json\/wp\/v2\/types\/post"}],"author":[{"embeddable":true,"href":"https:\/\/pos-graduacao.uepb.edu.br\/ppgfp\/wp-json\/wp\/v2\/users\/67"}],"replies":[{"embeddable":true,"href":"https:\/\/pos-graduacao.uepb.edu.br\/ppgfp\/wp-json\/wp\/v2\/comments?post=3706"}],"version-history":[{"count":2,"href":"https:\/\/pos-graduacao.uepb.edu.br\/ppgfp\/wp-json\/wp\/v2\/posts\/3706\/revisions"}],"predecessor-version":[{"id":3709,"href":"https:\/\/pos-graduacao.uepb.edu.br\/ppgfp\/wp-json\/wp\/v2\/posts\/3706\/revisions\/3709"}],"wp:attachment":[{"href":"https:\/\/pos-graduacao.uepb.edu.br\/ppgfp\/wp-json\/wp\/v2\/media?parent=3706"}],"wp:term":[{"taxonomy":"category","embeddable":true,"href":"https:\/\/pos-graduacao.uepb.edu.br\/ppgfp\/wp-json\/wp\/v2\/categories?post=3706"},{"taxonomy":"post_tag","embeddable":true,"href":"https:\/\/pos-graduacao.uepb.edu.br\/ppgfp\/wp-json\/wp\/v2\/tags?post=3706"}],"curies":[{"name":"wp","href":"https:\/\/api.w.org\/{rel}","templated":true}]}}