{"id":804,"date":"2017-07-21T10:47:28","date_gmt":"2017-07-21T10:47:28","guid":{"rendered":"https:\/\/pos-graduacao.uepb.edu.br\/ppgcta\/?p=804"},"modified":"2017-07-21T13:46:06","modified_gmt":"2017-07-21T13:46:06","slug":"mini-curso-em-microbiologia-e-bioquimica-aplicadas-ao-tratamento-anaerobio-de-aguas-residuais-implicacoes-no-desempenho-do-reator","status":"publish","type":"post","link":"https:\/\/pos-graduacao.uepb.edu.br\/ppgcta\/mini-curso-em-microbiologia-e-bioquimica-aplicadas-ao-tratamento-anaerobio-de-aguas-residuais-implicacoes-no-desempenho-do-reator\/","title":{"rendered":"Mini Curso em  &#8220;Microbiologia e bioqu\u00edmica aplicadas ao tratamento anaer\u00f3bio de \u00e1guas residuais: implica\u00e7\u00f5es no desempenho do reator&#8221;."},"content":{"rendered":"<p>Programa de P\u00f3s- em Ci\u00eancia e Tecnologia Ambiental da UEPB oferece\u00a0Mini Curso em &#8220;Microbiologia e bioqu\u00edmica aplicadas ao tratamento anaer\u00f3bio de \u00e1guas residuais: implica\u00e7\u00f5es no desempenho do reator&#8221;.<a href=\"https:\/\/pos-graduacao.uepb.edu.br\/ppgcta\/files\/2017\/07\/van-Lier-mini-curso-julho-de-2017.pdf\">van Lier mini curso julho de 2017<\/a><\/p>\n","protected":false},"excerpt":{"rendered":"<p>Programa de P\u00f3s- em Ci\u00eancia e Tecnologia Ambiental da UEPB oferece\u00a0Mini Curso em &#8220;Microbiologia e bioqu\u00edmica aplicadas ao tratamento anaer\u00f3bio de \u00e1guas residuais: implica\u00e7\u00f5es no desempenho do reator&#8221;.van Lier mini curso julho de 2017<\/p>\n","protected":false},"author":37,"featured_media":0,"comment_status":"open","ping_status":"open","sticky":false,"template":"","format":"standard","meta":{"footnotes":""},"categories":[1],"tags":[],"class_list":["post-804","post","type-post","status-publish","format-standard","hentry","category-sem-categoria"],"_links":{"self":[{"href":"https:\/\/pos-graduacao.uepb.edu.br\/ppgcta\/wp-json\/wp\/v2\/posts\/804","targetHints":{"allow":["GET"]}}],"collection":[{"href":"https:\/\/pos-graduacao.uepb.edu.br\/ppgcta\/wp-json\/wp\/v2\/posts"}],"about":[{"href":"https:\/\/pos-graduacao.uepb.edu.br\/ppgcta\/wp-json\/wp\/v2\/types\/post"}],"author":[{"embeddable":true,"href":"https:\/\/pos-graduacao.uepb.edu.br\/ppgcta\/wp-json\/wp\/v2\/users\/37"}],"replies":[{"embeddable":true,"href":"https:\/\/pos-graduacao.uepb.edu.br\/ppgcta\/wp-json\/wp\/v2\/comments?post=804"}],"version-history":[{"count":1,"href":"https:\/\/pos-graduacao.uepb.edu.br\/ppgcta\/wp-json\/wp\/v2\/posts\/804\/revisions"}],"predecessor-version":[{"id":806,"href":"https:\/\/pos-graduacao.uepb.edu.br\/ppgcta\/wp-json\/wp\/v2\/posts\/804\/revisions\/806"}],"wp:attachment":[{"href":"https:\/\/pos-graduacao.uepb.edu.br\/ppgcta\/wp-json\/wp\/v2\/media?parent=804"}],"wp:term":[{"taxonomy":"category","embeddable":true,"href":"https:\/\/pos-graduacao.uepb.edu.br\/ppgcta\/wp-json\/wp\/v2\/categories?post=804"},{"taxonomy":"post_tag","embeddable":true,"href":"https:\/\/pos-graduacao.uepb.edu.br\/ppgcta\/wp-json\/wp\/v2\/tags?post=804"}],"curies":[{"name":"wp","href":"https:\/\/api.w.org\/{rel}","templated":true}]}}