{"id":3048,"date":"2025-05-05T14:01:57","date_gmt":"2025-05-05T14:01:57","guid":{"rendered":"https:\/\/pos-graduacao.uepb.edu.br\/ppgcta\/?p=3048"},"modified":"2025-05-05T14:01:57","modified_gmt":"2025-05-05T14:01:57","slug":"processo-seletivo-2025-2-instrucoes-para-realizacao-da-prova-de-conhecimentos-especificos","status":"publish","type":"post","link":"https:\/\/pos-graduacao.uepb.edu.br\/ppgcta\/processo-seletivo-2025-2-instrucoes-para-realizacao-da-prova-de-conhecimentos-especificos\/","title":{"rendered":"PROCESSO SELETIVO \u2013 2025.2  &#8211; INSTRU\u00c7\u00d5ES PARA REALIZA\u00c7\u00c3O DA PROVA DE CONHECIMENTOS ESPEC\u00cdFICOS"},"content":{"rendered":"<p style=\"text-align: center\">EDITAL 01\/2025\/PPGCTA\/CCT\/UEPB<br \/>\nPROCESSO SELETIVO \u2013 2025.2<br \/>\nMESTRADO EM CI\u00caNCIA E TECNOLOGIA AMBIENTAL<\/p>\n<p style=\"text-align: center\"><a href=\"https:\/\/pos-graduacao.uepb.edu.br\/ppgcta\/download\/processo-seletivo-2025-2-mestrado-instrucoes-para-realizacao-da-prova\/\">INSTRU\u00c7\u00d5ES<\/a> PARA REALIZA\u00c7\u00c3O DA PROVA DE CONHECIMENTOS ESPEC\u00cdFICOS<\/p>\n<p style=\"text-align: center\">A prova ser\u00e1 realizada no dia 06\/05\/25, na sala C-303 do CCT\/UEPB e ter\u00e1 in\u00edcio \u00e0s 14:00h<\/p>\n","protected":false},"excerpt":{"rendered":"<p>EDITAL 01\/2025\/PPGCTA\/CCT\/UEPB PROCESSO SELETIVO \u2013 2025.2 MESTRADO EM CI\u00caNCIA E TECNOLOGIA AMBIENTAL INSTRU\u00c7\u00d5ES PARA REALIZA\u00c7\u00c3O DA PROVA DE CONHECIMENTOS ESPEC\u00cdFICOS A prova ser\u00e1 realizada no dia 06\/05\/25, na sala C-303 do CCT\/UEPB e ter\u00e1 in\u00edcio \u00e0s 14:00h<\/p>\n","protected":false},"author":37,"featured_media":0,"comment_status":"open","ping_status":"open","sticky":false,"template":"","format":"standard","meta":{"footnotes":""},"categories":[5],"tags":[],"class_list":["post-3048","post","type-post","status-publish","format-standard","hentry","category-noticias"],"_links":{"self":[{"href":"https:\/\/pos-graduacao.uepb.edu.br\/ppgcta\/wp-json\/wp\/v2\/posts\/3048","targetHints":{"allow":["GET"]}}],"collection":[{"href":"https:\/\/pos-graduacao.uepb.edu.br\/ppgcta\/wp-json\/wp\/v2\/posts"}],"about":[{"href":"https:\/\/pos-graduacao.uepb.edu.br\/ppgcta\/wp-json\/wp\/v2\/types\/post"}],"author":[{"embeddable":true,"href":"https:\/\/pos-graduacao.uepb.edu.br\/ppgcta\/wp-json\/wp\/v2\/users\/37"}],"replies":[{"embeddable":true,"href":"https:\/\/pos-graduacao.uepb.edu.br\/ppgcta\/wp-json\/wp\/v2\/comments?post=3048"}],"version-history":[{"count":1,"href":"https:\/\/pos-graduacao.uepb.edu.br\/ppgcta\/wp-json\/wp\/v2\/posts\/3048\/revisions"}],"predecessor-version":[{"id":3049,"href":"https:\/\/pos-graduacao.uepb.edu.br\/ppgcta\/wp-json\/wp\/v2\/posts\/3048\/revisions\/3049"}],"wp:attachment":[{"href":"https:\/\/pos-graduacao.uepb.edu.br\/ppgcta\/wp-json\/wp\/v2\/media?parent=3048"}],"wp:term":[{"taxonomy":"category","embeddable":true,"href":"https:\/\/pos-graduacao.uepb.edu.br\/ppgcta\/wp-json\/wp\/v2\/categories?post=3048"},{"taxonomy":"post_tag","embeddable":true,"href":"https:\/\/pos-graduacao.uepb.edu.br\/ppgcta\/wp-json\/wp\/v2\/tags?post=3048"}],"curies":[{"name":"wp","href":"https:\/\/api.w.org\/{rel}","templated":true}]}}