{"id":3036,"date":"2025-04-09T10:10:57","date_gmt":"2025-04-09T10:10:57","guid":{"rendered":"https:\/\/pos-graduacao.uepb.edu.br\/ppgcta\/?p=3036"},"modified":"2025-04-09T13:06:45","modified_gmt":"2025-04-09T13:06:45","slug":"processo-seletivo-2025-2-mestrado-em-ciencia-e-tecnologia-ambiental","status":"publish","type":"post","link":"https:\/\/pos-graduacao.uepb.edu.br\/ppgcta\/processo-seletivo-2025-2-mestrado-em-ciencia-e-tecnologia-ambiental\/","title":{"rendered":"PROCESSO SELETIVO \u2013 2025.2 MESTRADO EM CI\u00caNCIA E TECNOLOGIA AMBIENTAL"},"content":{"rendered":"<p><span style=\"font-weight: 400\">PROCESSO SELETIVO \u2013 2025.2 MESTRADO EM CI\u00caNCIA E TECNOLOGIA AMBIENTAL<\/span><\/p>\n<p><a href=\"https:\/\/pos-graduacao.uepb.edu.br\/ppgcta\/download\/processo-seletivo-2025-2-mestrado-em-ciencia-e-tecnologia-ambiental\/\"><span style=\"font-weight: 400\">EDITAL 01\/2025\/PPGCTA\/CCT\/UEPB<\/span><\/a><\/p>\n<p><span style=\"font-weight: 400\">A Coordena\u00e7\u00e3o do Programa de P\u00f3s-Gradua\u00e7\u00e3o em Ci\u00eancia e Tecnologia Ambiental do Centro de<\/span><span style=\"font-weight: 400\"><br \/>\n<\/span><span style=\"font-weight: 400\">Ci\u00eancias e Tecnologia da Universidade Estadual da Para\u00edba, no uso de suas atribui\u00e7\u00f5es legais, torna p\u00fablicas<\/span><span style=\"font-weight: 400\"><br \/>\n<\/span><span style=\"font-weight: 400\">as normas do processo seletivo para preenchimento de 12 vagas ofertadas para o ano de 2025 no programa de<\/span><span style=\"font-weight: 400\"><br \/>\n<\/span><span style=\"font-weight: 400\">Mestrado em Ci\u00eancia e Tecnologia Ambiental.<\/span><\/p>\n","protected":false},"excerpt":{"rendered":"<p>PROCESSO SELETIVO \u2013 2025.2 MESTRADO EM CI\u00caNCIA E TECNOLOGIA AMBIENTAL EDITAL 01\/2025\/PPGCTA\/CCT\/UEPB A Coordena\u00e7\u00e3o do Programa de P\u00f3s-Gradua\u00e7\u00e3o em Ci\u00eancia e Tecnologia Ambiental do Centro de Ci\u00eancias e Tecnologia da Universidade Estadual da Para\u00edba, no uso de suas atribui\u00e7\u00f5es legais, torna p\u00fablicas as normas do processo seletivo para preenchimento de 12 vagas ofertadas para o <a class=\"leiamais\" href=\"https:\/\/pos-graduacao.uepb.edu.br\/ppgcta\/processo-seletivo-2025-2-mestrado-em-ciencia-e-tecnologia-ambiental\/\">Leia Mais&#8230;<\/a><\/p>\n","protected":false},"author":37,"featured_media":0,"comment_status":"open","ping_status":"open","sticky":false,"template":"","format":"standard","meta":{"footnotes":""},"categories":[5],"tags":[],"class_list":["post-3036","post","type-post","status-publish","format-standard","hentry","category-noticias"],"_links":{"self":[{"href":"https:\/\/pos-graduacao.uepb.edu.br\/ppgcta\/wp-json\/wp\/v2\/posts\/3036","targetHints":{"allow":["GET"]}}],"collection":[{"href":"https:\/\/pos-graduacao.uepb.edu.br\/ppgcta\/wp-json\/wp\/v2\/posts"}],"about":[{"href":"https:\/\/pos-graduacao.uepb.edu.br\/ppgcta\/wp-json\/wp\/v2\/types\/post"}],"author":[{"embeddable":true,"href":"https:\/\/pos-graduacao.uepb.edu.br\/ppgcta\/wp-json\/wp\/v2\/users\/37"}],"replies":[{"embeddable":true,"href":"https:\/\/pos-graduacao.uepb.edu.br\/ppgcta\/wp-json\/wp\/v2\/comments?post=3036"}],"version-history":[{"count":1,"href":"https:\/\/pos-graduacao.uepb.edu.br\/ppgcta\/wp-json\/wp\/v2\/posts\/3036\/revisions"}],"predecessor-version":[{"id":3037,"href":"https:\/\/pos-graduacao.uepb.edu.br\/ppgcta\/wp-json\/wp\/v2\/posts\/3036\/revisions\/3037"}],"wp:attachment":[{"href":"https:\/\/pos-graduacao.uepb.edu.br\/ppgcta\/wp-json\/wp\/v2\/media?parent=3036"}],"wp:term":[{"taxonomy":"category","embeddable":true,"href":"https:\/\/pos-graduacao.uepb.edu.br\/ppgcta\/wp-json\/wp\/v2\/categories?post=3036"},{"taxonomy":"post_tag","embeddable":true,"href":"https:\/\/pos-graduacao.uepb.edu.br\/ppgcta\/wp-json\/wp\/v2\/tags?post=3036"}],"curies":[{"name":"wp","href":"https:\/\/api.w.org\/{rel}","templated":true}]}}