{"id":1522,"date":"2019-10-22T22:53:32","date_gmt":"2019-10-22T22:53:32","guid":{"rendered":"https:\/\/pos-graduacao.uepb.edu.br\/ppgcta\/?p=1522"},"modified":"2019-10-22T23:05:36","modified_gmt":"2019-10-22T23:05:36","slug":"o-programa-de-pos-graduacao-em-ciencia-e-tecnologia-ambiental-ppgcta-lanca-edital-de-selecao-para-formacao-de-novas-turmas-a-nivel-de-mestrado-e-de-doutorado","status":"publish","type":"post","link":"https:\/\/pos-graduacao.uepb.edu.br\/ppgcta\/o-programa-de-pos-graduacao-em-ciencia-e-tecnologia-ambiental-ppgcta-lanca-edital-de-selecao-para-formacao-de-novas-turmas-a-nivel-de-mestrado-e-de-doutorado\/","title":{"rendered":"O Programa de P\u00f3s-gradua\u00e7\u00e3o em Ci\u00eancia e Tecnologia Ambiental (PPGCTA) lan\u00e7a edital de sele\u00e7\u00e3o para forma\u00e7\u00e3o de novas turmas a n\u00edvel de Mestrado e de Doutorado."},"content":{"rendered":"<p>A Coordena\u00e7\u00e3o do Programa de P\u00f3s-Gradua\u00e7\u00e3o em Ci\u00eancia e Tecnologia Ambiental (PPGCTA) da Universidade Estadual da Para\u00edba (UEPB) divulgou edital de sele\u00e7\u00e3o para a forma\u00e7\u00e3o de novas turmas do curso de Mestrado e de Doutorado. O processo seletivo oferece 27 (vinte e sete) vagas para O Curso de Mestrado em Ci\u00eancia e Tecnologia Ambiental e 13 (treze) vagas para o curso de Doutorado em Engenharia Ambiental.<\/p>\n<p>O per\u00edodo de inscri\u00e7\u00e3o vai de 04 de novembro a 27 de novembro de 2019, os editais para sele\u00e7\u00e3o podem ser acessados clicando <a href=\"https:\/\/pos-graduacao.uepb.edu.br\/ppgcta\/processo-seletivo\">AQUI.<\/a><\/p>\n","protected":false},"excerpt":{"rendered":"<p>A Coordena\u00e7\u00e3o do Programa de P\u00f3s-Gradua\u00e7\u00e3o em Ci\u00eancia e Tecnologia Ambiental (PPGCTA) da Universidade Estadual da Para\u00edba (UEPB) divulgou edital de sele\u00e7\u00e3o para a forma\u00e7\u00e3o de novas turmas do curso de Mestrado e de Doutorado. O processo seletivo oferece 27 (vinte e sete) vagas para O Curso de Mestrado em Ci\u00eancia e Tecnologia Ambiental e <a class=\"leiamais\" href=\"https:\/\/pos-graduacao.uepb.edu.br\/ppgcta\/o-programa-de-pos-graduacao-em-ciencia-e-tecnologia-ambiental-ppgcta-lanca-edital-de-selecao-para-formacao-de-novas-turmas-a-nivel-de-mestrado-e-de-doutorado\/\">Leia Mais&#8230;<\/a><\/p>\n","protected":false},"author":44,"featured_media":0,"comment_status":"open","ping_status":"open","sticky":false,"template":"","format":"standard","meta":{"footnotes":""},"categories":[5],"tags":[],"class_list":["post-1522","post","type-post","status-publish","format-standard","hentry","category-noticias"],"_links":{"self":[{"href":"https:\/\/pos-graduacao.uepb.edu.br\/ppgcta\/wp-json\/wp\/v2\/posts\/1522","targetHints":{"allow":["GET"]}}],"collection":[{"href":"https:\/\/pos-graduacao.uepb.edu.br\/ppgcta\/wp-json\/wp\/v2\/posts"}],"about":[{"href":"https:\/\/pos-graduacao.uepb.edu.br\/ppgcta\/wp-json\/wp\/v2\/types\/post"}],"author":[{"embeddable":true,"href":"https:\/\/pos-graduacao.uepb.edu.br\/ppgcta\/wp-json\/wp\/v2\/users\/44"}],"replies":[{"embeddable":true,"href":"https:\/\/pos-graduacao.uepb.edu.br\/ppgcta\/wp-json\/wp\/v2\/comments?post=1522"}],"version-history":[{"count":5,"href":"https:\/\/pos-graduacao.uepb.edu.br\/ppgcta\/wp-json\/wp\/v2\/posts\/1522\/revisions"}],"predecessor-version":[{"id":1527,"href":"https:\/\/pos-graduacao.uepb.edu.br\/ppgcta\/wp-json\/wp\/v2\/posts\/1522\/revisions\/1527"}],"wp:attachment":[{"href":"https:\/\/pos-graduacao.uepb.edu.br\/ppgcta\/wp-json\/wp\/v2\/media?parent=1522"}],"wp:term":[{"taxonomy":"category","embeddable":true,"href":"https:\/\/pos-graduacao.uepb.edu.br\/ppgcta\/wp-json\/wp\/v2\/categories?post=1522"},{"taxonomy":"post_tag","embeddable":true,"href":"https:\/\/pos-graduacao.uepb.edu.br\/ppgcta\/wp-json\/wp\/v2\/tags?post=1522"}],"curies":[{"name":"wp","href":"https:\/\/api.w.org\/{rel}","templated":true}]}}